{"id":5332,"date":"2026-04-07T09:18:21","date_gmt":"2026-04-07T14:18:21","guid":{"rendered":"https:\/\/www.feedthechildren.org\/?p=5332"},"modified":"2026-04-07T09:49:57","modified_gmt":"2026-04-07T14:49:57","slug":"building-community-health-one-conversation-at-a-time","status":"publish","type":"post","link":"https:\/\/www.feedthechildren.org\/es\/our-work\/stories\/building-community-health-one-conversation-at-a-time\/","title":{"rendered":"Fomentando la salud comunitaria, conversaci\u00f3n a conversaci\u00f3n"},"content":{"rendered":"\n<p>In rural Kenya, the land stretches wide and open: scattered trees poke through the dry red earth, where small farming villages are the only sign of human life.<\/p>\n\n\n\n<p>Out here, infrastructure is limited. Most residents do not have access to the internet, and knowledge is shared directly from person to person. While this creates strong trust between individuals, it also means that whenever there is a gap in knowledge, questions simply go unanswered, and communities go without.<\/p>\n\n\n\n<p>For Alesia, a 26-year-old school teacher and mother of three, the lack of education related specifically to childcare was most noticeable. She struggled to keep her two sons and daughter healthy, and as a teacher, saw the same problems affecting other students. Alesia knew there had to be a better way. She just didn\u2019t know what it was.<\/p>\n\n\n<style>.kadence-column5332_9e9d29-f9 > .kt-inside-inner-col{padding-top:var(--global-kb-spacing-sm, 1.5rem);padding-bottom:var(--global-kb-spacing-sm, 1.5rem);}.kadence-column5332_9e9d29-f9 > .kt-inside-inner-col,.kadence-column5332_9e9d29-f9 > .kt-inside-inner-col:before{border-top-left-radius:0px;border-top-right-radius:0px;border-bottom-right-radius:0px;border-bottom-left-radius:0px;}.kadence-column5332_9e9d29-f9 > .kt-inside-inner-col{column-gap:var(--global-kb-gap-sm, 1rem);}.kadence-column5332_9e9d29-f9 > .kt-inside-inner-col{flex-direction:column;}.kadence-column5332_9e9d29-f9 > .kt-inside-inner-col > .aligncenter{width:100%;}.kadence-column5332_9e9d29-f9 > .kt-inside-inner-col:before{opacity:0.3;}.kadence-column5332_9e9d29-f9{position:relative;}@media all and (max-width: 1024px){.kadence-column5332_9e9d29-f9 > .kt-inside-inner-col{flex-direction:column;justify-content:center;}}@media all and (max-width: 767px){.kadence-column5332_9e9d29-f9 > .kt-inside-inner-col{flex-direction:column;justify-content:center;}}<\/style>\n<div class=\"wp-block-kadence-column kadence-column5332_9e9d29-f9\"><div class=\"kt-inside-inner-col\"><style>.kb-image5332_db8054-e0 .kb-image-has-overlay:after{opacity:0.3;}<\/style>\n<figure class=\"wp-block-kadence-image kb-image5332_db8054-e0 size-large\"><img loading=\"lazy\" decoding=\"async\" width=\"1024\" height=\"604\" src=\"https:\/\/www.feedthechildren.org\/wp-content\/uploads\/2026\/04\/Alesia-and-Haron-smiling-outdoors-in-Kenya-1024x604.jpg\" alt=\"Alesia and Haron smiling outdoors in Kenya.\" class=\"kb-img wp-image-5334\" srcset=\"https:\/\/www.feedthechildren.org\/wp-content\/uploads\/2026\/04\/Alesia-and-Haron-smiling-outdoors-in-Kenya-1024x604.jpg 1024w, https:\/\/www.feedthechildren.org\/wp-content\/uploads\/2026\/04\/Alesia-and-Haron-smiling-outdoors-in-Kenya-300x177.jpg 300w, https:\/\/www.feedthechildren.org\/wp-content\/uploads\/2026\/04\/Alesia-and-Haron-smiling-outdoors-in-Kenya-768x453.jpg 768w, https:\/\/www.feedthechildren.org\/wp-content\/uploads\/2026\/04\/Alesia-and-Haron-smiling-outdoors-in-Kenya-18x12.jpg 18w, https:\/\/www.feedthechildren.org\/wp-content\/uploads\/2026\/04\/Alesia-and-Haron-smiling-outdoors-in-Kenya-60x35.jpg 60w, https:\/\/www.feedthechildren.org\/wp-content\/uploads\/2026\/04\/Alesia-and-Haron-smiling-outdoors-in-Kenya.jpg 1200w\" sizes=\"auto, (max-width: 1024px) 100vw, 1024px\" \/><figcaption><em>Alesia and her middle child, five-year-old Haron.<\/em><\/figcaption><\/figure>\n<\/div><\/div>\n\n\n\n<p>\u201cBefore joining Feed the Children programs, life was very challenging for me as a young teacher and a mother of three,\u201d says Alesia. \u201cMy income alone was not enough to meet all household needs, and I often struggled to balance providing food, school requirements, and proper care for my children.\u201d<\/p>\n\n\n\n<p>For Alesia and other parents, decisions around prenatal care, immunization, and infant feeding often felt like guesswork.<\/p>\n\n\n<style>.wp-block-kadence-advancedheading.kt-adv-heading5332_466342-8f, .wp-block-kadence-advancedheading.kt-adv-heading5332_466342-8f[data-kb-block=\"kb-adv-heading5332_466342-8f\"]{font-style:normal;}.wp-block-kadence-advancedheading.kt-adv-heading5332_466342-8f mark.kt-highlight, .wp-block-kadence-advancedheading.kt-adv-heading5332_466342-8f[data-kb-block=\"kb-adv-heading5332_466342-8f\"] mark.kt-highlight{font-style:normal;color:#f76a0c;-webkit-box-decoration-break:clone;box-decoration-break:clone;padding-top:0px;padding-right:0px;padding-bottom:0px;padding-left:0px;}.wp-block-kadence-advancedheading.kt-adv-heading5332_466342-8f img.kb-inline-image, .wp-block-kadence-advancedheading.kt-adv-heading5332_466342-8f[data-kb-block=\"kb-adv-heading5332_466342-8f\"] img.kb-inline-image{width:150px;vertical-align:baseline;}<\/style>\n<h3 class=\"kt-adv-heading5332_466342-8f wp-block-kadence-advancedheading\" data-kb-block=\"kb-adv-heading5332_466342-8f\">Learning Together Under the Shade of Trees<\/h3>\n\n\n\n<p>That uncertainty began to shift when Alesia joined a Care Group supported by Feed the Children.<\/p>\n\n\n\n<p>\u201cOur Care Groups are really simple and fit right into daily life,\u201d explains Enrico Memusi, a Feed the Children Care Group Promotor Supervisor.<\/p>\n\n\n\n<p>The women who take part in the Care Group gather outside, listening as a Promoter leads them through a lesson using visual aids and other materials. Their young children play nearby, so the mothers can learn while keeping an eye on their kids.<\/p>\n\n\n<style>.kadence-column5332_0c3a08-2a > .kt-inside-inner-col{padding-top:var(--global-kb-spacing-sm, 1.5rem);padding-bottom:var(--global-kb-spacing-sm, 1.5rem);}.kadence-column5332_0c3a08-2a > .kt-inside-inner-col,.kadence-column5332_0c3a08-2a > .kt-inside-inner-col:before{border-top-left-radius:0px;border-top-right-radius:0px;border-bottom-right-radius:0px;border-bottom-left-radius:0px;}.kadence-column5332_0c3a08-2a > .kt-inside-inner-col{column-gap:var(--global-kb-gap-sm, 1rem);}.kadence-column5332_0c3a08-2a > .kt-inside-inner-col{flex-direction:column;}.kadence-column5332_0c3a08-2a > .kt-inside-inner-col > .aligncenter{width:100%;}.kadence-column5332_0c3a08-2a > .kt-inside-inner-col:before{opacity:0.3;}.kadence-column5332_0c3a08-2a{position:relative;}@media all and (max-width: 1024px){.kadence-column5332_0c3a08-2a > .kt-inside-inner-col{flex-direction:column;justify-content:center;}}@media all and (max-width: 767px){.kadence-column5332_0c3a08-2a > .kt-inside-inner-col{flex-direction:column;justify-content:center;}}<\/style>\n<div class=\"wp-block-kadence-column kadence-column5332_0c3a08-2a\"><div class=\"kt-inside-inner-col\"><style>.kb-image5332_63f040-50 .kb-image-has-overlay:after{opacity:0.3;}<\/style>\n<figure class=\"wp-block-kadence-image kb-image5332_63f040-50 size-large\"><img loading=\"lazy\" decoding=\"async\" width=\"1024\" height=\"683\" src=\"https:\/\/www.feedthechildren.org\/wp-content\/uploads\/2026\/04\/Women-care-group-session-in-Kenya-1024x683.jpg\" alt=\"Women assembled on the ground for a care group session in Kenya.\" class=\"kb-img wp-image-5335\" srcset=\"https:\/\/www.feedthechildren.org\/wp-content\/uploads\/2026\/04\/Women-care-group-session-in-Kenya-1024x683.jpg 1024w, https:\/\/www.feedthechildren.org\/wp-content\/uploads\/2026\/04\/Women-care-group-session-in-Kenya-300x200.jpg 300w, https:\/\/www.feedthechildren.org\/wp-content\/uploads\/2026\/04\/Women-care-group-session-in-Kenya-768x512.jpg 768w, https:\/\/www.feedthechildren.org\/wp-content\/uploads\/2026\/04\/Women-care-group-session-in-Kenya-18x12.jpg 18w, https:\/\/www.feedthechildren.org\/wp-content\/uploads\/2026\/04\/Women-care-group-session-in-Kenya-60x40.jpg 60w, https:\/\/www.feedthechildren.org\/wp-content\/uploads\/2026\/04\/Women-care-group-session-in-Kenya.jpg 1200w\" sizes=\"auto, (max-width: 1024px) 100vw, 1024px\" \/><figcaption><em>Women assemble for a Care Group session.<\/em><\/figcaption><\/figure>\n<\/div><\/div>\n\n\n\n<p>Each session lasts less than an hour and focuses on clear, practical actions: from prenatal care and nutrition to hygiene, sanitation, and child health. Afterward, each woman carries those lessons back into her household and wider community.<\/p>\n\n\n\n<p>\u201cCare Groups work because learning doesn\u2019t stop when the session ends,\u201d Enrico explains. \u201cWomen learn together, practice together, and then pass that knowledge on through daily life.\u201d<\/p>\n\n\n<style>.kadence-column5332_e458e2-88 > .kt-inside-inner-col{padding-top:var(--global-kb-spacing-sm, 1.5rem);padding-bottom:var(--global-kb-spacing-sm, 1.5rem);}.kadence-column5332_e458e2-88 > .kt-inside-inner-col,.kadence-column5332_e458e2-88 > .kt-inside-inner-col:before{border-top-left-radius:0px;border-top-right-radius:0px;border-bottom-right-radius:0px;border-bottom-left-radius:0px;}.kadence-column5332_e458e2-88 > .kt-inside-inner-col{column-gap:var(--global-kb-gap-sm, 1rem);}.kadence-column5332_e458e2-88 > .kt-inside-inner-col{flex-direction:column;}.kadence-column5332_e458e2-88 > .kt-inside-inner-col > .aligncenter{width:100%;}.kadence-column5332_e458e2-88 > .kt-inside-inner-col:before{opacity:0.3;}.kadence-column5332_e458e2-88{position:relative;}@media all and (max-width: 1024px){.kadence-column5332_e458e2-88 > .kt-inside-inner-col{flex-direction:column;justify-content:center;}}@media all and (max-width: 767px){.kadence-column5332_e458e2-88 > .kt-inside-inner-col{flex-direction:column;justify-content:center;}}<\/style>\n<div class=\"wp-block-kadence-column kadence-column5332_e458e2-88\"><div class=\"kt-inside-inner-col\"><style>.kb-image5332_5bb476-d0.kb-image-is-ratio-size, .kb-image5332_5bb476-d0 .kb-image-is-ratio-size{max-width:330px;width:100%;}.wp-block-kadence-column > .kt-inside-inner-col > .kb-image5332_5bb476-d0.kb-image-is-ratio-size, .wp-block-kadence-column > .kt-inside-inner-col > .kb-image5332_5bb476-d0 .kb-image-is-ratio-size{align-self:unset;}.kb-image5332_5bb476-d0 figure{max-width:330px;}.kb-image5332_5bb476-d0 .image-is-svg, .kb-image5332_5bb476-d0 .image-is-svg img{width:100%;}.kb-image5332_5bb476-d0 .kb-image-has-overlay:after{opacity:0.3;}<\/style>\n<div class=\"wp-block-kadence-image kb-image5332_5bb476-d0\"><figure class=\"aligncenter size-full\"><img loading=\"lazy\" decoding=\"async\" width=\"584\" height=\"877\" src=\"https:\/\/www.feedthechildren.org\/wp-content\/uploads\/2026\/04\/A-woman-with-her-two-babies-in-a-care-group.jpg\" alt=\"A woman with her two babies in a care group.\" class=\"kb-img wp-image-5336\" srcset=\"https:\/\/www.feedthechildren.org\/wp-content\/uploads\/2026\/04\/A-woman-with-her-two-babies-in-a-care-group.jpg 584w, https:\/\/www.feedthechildren.org\/wp-content\/uploads\/2026\/04\/A-woman-with-her-two-babies-in-a-care-group-200x300.jpg 200w, https:\/\/www.feedthechildren.org\/wp-content\/uploads\/2026\/04\/A-woman-with-her-two-babies-in-a-care-group-8x12.jpg 8w, https:\/\/www.feedthechildren.org\/wp-content\/uploads\/2026\/04\/A-woman-with-her-two-babies-in-a-care-group-40x60.jpg 40w\" sizes=\"auto, (max-width: 584px) 100vw, 584px\" \/><figcaption><em>A woman plays with her two babies while attending a Care Group.<\/em><\/figcaption><\/figure><\/div>\n<\/div><\/div>\n\n\n\n<p>It\u2019s a simple practice, but an effective one for increasing the flow of information.<\/p>\n\n\n\n<p>\u201cYou can see a shift,\u201d says Care Group Promoter Christine Lekodei. \u201cAt first, women come to listen. Later, they come with questions. And eventually, they come to share what they\u2019ve already started changing at home.\u201d<\/p>\n\n\n<style>.wp-block-kadence-advancedheading.kt-adv-heading5332_338b35-67, .wp-block-kadence-advancedheading.kt-adv-heading5332_338b35-67[data-kb-block=\"kb-adv-heading5332_338b35-67\"]{font-style:normal;}.wp-block-kadence-advancedheading.kt-adv-heading5332_338b35-67 mark.kt-highlight, .wp-block-kadence-advancedheading.kt-adv-heading5332_338b35-67[data-kb-block=\"kb-adv-heading5332_338b35-67\"] mark.kt-highlight{font-style:normal;color:#f76a0c;-webkit-box-decoration-break:clone;box-decoration-break:clone;padding-top:0px;padding-right:0px;padding-bottom:0px;padding-left:0px;}.wp-block-kadence-advancedheading.kt-adv-heading5332_338b35-67 img.kb-inline-image, .wp-block-kadence-advancedheading.kt-adv-heading5332_338b35-67[data-kb-block=\"kb-adv-heading5332_338b35-67\"] img.kb-inline-image{width:150px;vertical-align:baseline;}<\/style>\n<h3 class=\"kt-adv-heading5332_338b35-67 wp-block-kadence-advancedheading\" data-kb-block=\"kb-adv-heading5332_338b35-67\">Healthier Choices at Home and at School<\/h3>\n\n\n\n<p>For Alesia, those lessons quickly became part of everyday life.<\/p>\n\n\n\n<p>At home, she now prioritizes seeking care at the nearest health facility, ensuring her children receive routine immunizations, and applying what she has learned about hygiene, sanitation, and balanced nutrition.<\/p>\n\n\n\n<p>\u201cNow I feel more confident as a mother,\u201d she says. \u201cI know when to take my children to the health facility, why immunization matters, and how the choices I make every day affect their health.\u201d<\/p>\n\n\n\n<p>The impact is visible. Her children are eating better, sleeping well, and attending school regularly; changes that reflect both improved health and greater stability at home.<\/p>\n\n\n\n<p>At school, her children also receive nutritious corn-soy blend porridge through Feed the Children\u2019s school meals program, helping them stay focused and energized throughout the day.<\/p>\n\n\n<style>.kadence-column5332_eac61c-06 > .kt-inside-inner-col{padding-top:var(--global-kb-spacing-sm, 1.5rem);padding-bottom:var(--global-kb-spacing-sm, 1.5rem);}.kadence-column5332_eac61c-06 > .kt-inside-inner-col,.kadence-column5332_eac61c-06 > .kt-inside-inner-col:before{border-top-left-radius:0px;border-top-right-radius:0px;border-bottom-right-radius:0px;border-bottom-left-radius:0px;}.kadence-column5332_eac61c-06 > .kt-inside-inner-col{column-gap:var(--global-kb-gap-sm, 1rem);}.kadence-column5332_eac61c-06 > .kt-inside-inner-col{flex-direction:column;}.kadence-column5332_eac61c-06 > .kt-inside-inner-col > .aligncenter{width:100%;}.kadence-column5332_eac61c-06 > .kt-inside-inner-col:before{opacity:0.3;}.kadence-column5332_eac61c-06{position:relative;}@media all and (max-width: 1024px){.kadence-column5332_eac61c-06 > .kt-inside-inner-col{flex-direction:column;justify-content:center;}}@media all and (max-width: 767px){.kadence-column5332_eac61c-06 > .kt-inside-inner-col{flex-direction:column;justify-content:center;}}<\/style>\n<div class=\"wp-block-kadence-column kadence-column5332_eac61c-06\"><div class=\"kt-inside-inner-col\"><style>.kb-image5332_4f82c5-5b .kb-image-has-overlay:after{opacity:0.3;}<\/style>\n<figure class=\"wp-block-kadence-image kb-image5332_4f82c5-5b size-large\"><img loading=\"lazy\" decoding=\"async\" width=\"1024\" height=\"640\" src=\"https:\/\/www.feedthechildren.org\/wp-content\/uploads\/2026\/04\/Alesia-teaching-a-classroom-in-Kenya-1024x640.jpg\" alt=\"Alesia teaching a classroom in Kenya.\" class=\"kb-img wp-image-5337\" srcset=\"https:\/\/www.feedthechildren.org\/wp-content\/uploads\/2026\/04\/Alesia-teaching-a-classroom-in-Kenya-1024x640.jpg 1024w, https:\/\/www.feedthechildren.org\/wp-content\/uploads\/2026\/04\/Alesia-teaching-a-classroom-in-Kenya-300x188.jpg 300w, https:\/\/www.feedthechildren.org\/wp-content\/uploads\/2026\/04\/Alesia-teaching-a-classroom-in-Kenya-768x480.jpg 768w, https:\/\/www.feedthechildren.org\/wp-content\/uploads\/2026\/04\/Alesia-teaching-a-classroom-in-Kenya-18x12.jpg 18w, https:\/\/www.feedthechildren.org\/wp-content\/uploads\/2026\/04\/Alesia-teaching-a-classroom-in-Kenya-60x38.jpg 60w, https:\/\/www.feedthechildren.org\/wp-content\/uploads\/2026\/04\/Alesia-teaching-a-classroom-in-Kenya.jpg 1200w\" sizes=\"auto, (max-width: 1024px) 100vw, 1024px\" \/><figcaption><em>Alesia teaches class at school. She has seen an improvement in her own children\u2019s health, as well as improvements in class.<\/em><\/figcaption><\/figure>\n<\/div><\/div>\n\n\n\n<p>Alesia oversees this program, ensuring food is prepared safely, correct measurements are followed, and hygiene standards are maintained.<\/p>\n\n\n<style>.kadence-column5332_7ac100-2f > .kt-inside-inner-col{padding-top:var(--global-kb-spacing-sm, 1.5rem);padding-bottom:var(--global-kb-spacing-sm, 1.5rem);}.kadence-column5332_7ac100-2f > .kt-inside-inner-col,.kadence-column5332_7ac100-2f > .kt-inside-inner-col:before{border-top-left-radius:0px;border-top-right-radius:0px;border-bottom-right-radius:0px;border-bottom-left-radius:0px;}.kadence-column5332_7ac100-2f > .kt-inside-inner-col{column-gap:var(--global-kb-gap-sm, 1rem);}.kadence-column5332_7ac100-2f > .kt-inside-inner-col{flex-direction:column;}.kadence-column5332_7ac100-2f > .kt-inside-inner-col > .aligncenter{width:100%;}.kadence-column5332_7ac100-2f > .kt-inside-inner-col:before{opacity:0.3;}.kadence-column5332_7ac100-2f{position:relative;}@media all and (max-width: 1024px){.kadence-column5332_7ac100-2f > .kt-inside-inner-col{flex-direction:column;justify-content:center;}}@media all and (max-width: 767px){.kadence-column5332_7ac100-2f > .kt-inside-inner-col{flex-direction:column;justify-content:center;}}<\/style>\n<div class=\"wp-block-kadence-column kadence-column5332_7ac100-2f\"><div class=\"kt-inside-inner-col\"><style>.kb-image5332_56bc76-4b .kb-image-has-overlay:after{opacity:0.3;}<\/style>\n<figure class=\"wp-block-kadence-image kb-image5332_56bc76-4b size-large\"><img loading=\"lazy\" decoding=\"async\" width=\"1024\" height=\"683\" src=\"https:\/\/www.feedthechildren.org\/wp-content\/uploads\/2026\/04\/A-child-taking-an-arm-circumference-measurement-1024x683.jpg\" alt=\"A child taking an arm circumference measurement in a group care session.\" class=\"kb-img wp-image-5338\" srcset=\"https:\/\/www.feedthechildren.org\/wp-content\/uploads\/2026\/04\/A-child-taking-an-arm-circumference-measurement-1024x683.jpg 1024w, https:\/\/www.feedthechildren.org\/wp-content\/uploads\/2026\/04\/A-child-taking-an-arm-circumference-measurement-300x200.jpg 300w, https:\/\/www.feedthechildren.org\/wp-content\/uploads\/2026\/04\/A-child-taking-an-arm-circumference-measurement-768x512.jpg 768w, https:\/\/www.feedthechildren.org\/wp-content\/uploads\/2026\/04\/A-child-taking-an-arm-circumference-measurement-18x12.jpg 18w, https:\/\/www.feedthechildren.org\/wp-content\/uploads\/2026\/04\/A-child-taking-an-arm-circumference-measurement-60x40.jpg 60w, https:\/\/www.feedthechildren.org\/wp-content\/uploads\/2026\/04\/A-child-taking-an-arm-circumference-measurement.jpg 1200w\" sizes=\"auto, (max-width: 1024px) 100vw, 1024px\" \/><figcaption><em>Alesia\u2019s son, Haron, participates in a routine mid-upper arm circumference measurement during a Care Group session. Monitoring growth and development is part of training for parents.<\/em><\/figcaption><\/figure>\n<\/div><\/div>\n\n\n\n<p>\u201cWe have seen positive changes at Lalparuai Primary School since Alesia took charge of the school meals,\u201d says Ntilayon Lekumoisa, a school board member. \u201cThe children are more active, attendance has improved, and meals are well prepared.\u201d<\/p>\n\n\n\n<p>For Alesia, the connection is clear: knowledge at home, nourishment at school, and support within the community, reinforcing one another.<\/p>\n\n\n<style>.wp-block-kadence-advancedheading.kt-adv-heading5332_034f87-51, .wp-block-kadence-advancedheading.kt-adv-heading5332_034f87-51[data-kb-block=\"kb-adv-heading5332_034f87-51\"]{font-style:normal;}.wp-block-kadence-advancedheading.kt-adv-heading5332_034f87-51 mark.kt-highlight, .wp-block-kadence-advancedheading.kt-adv-heading5332_034f87-51[data-kb-block=\"kb-adv-heading5332_034f87-51\"] mark.kt-highlight{font-style:normal;color:#f76a0c;-webkit-box-decoration-break:clone;box-decoration-break:clone;padding-top:0px;padding-right:0px;padding-bottom:0px;padding-left:0px;}.wp-block-kadence-advancedheading.kt-adv-heading5332_034f87-51 img.kb-inline-image, .wp-block-kadence-advancedheading.kt-adv-heading5332_034f87-51[data-kb-block=\"kb-adv-heading5332_034f87-51\"] img.kb-inline-image{width:150px;vertical-align:baseline;}<\/style>\n<h3 class=\"kt-adv-heading5332_034f87-51 wp-block-kadence-advancedheading\" data-kb-block=\"kb-adv-heading5332_034f87-51\">From Mother to Teacher, From Home to Community<\/h3>\n\n\n\n<p>Beyond her household, Alesia\u2019s role as a teacher places her in a position of trust within the community. The confidence she has gained through Care Group sessions now shapes how she leads both in the classroom and beyond it.<\/p>\n\n\n<style>.kadence-column5332_172ac1-95 > .kt-inside-inner-col{padding-top:var(--global-kb-spacing-sm, 1.5rem);padding-bottom:var(--global-kb-spacing-sm, 1.5rem);}.kadence-column5332_172ac1-95 > .kt-inside-inner-col,.kadence-column5332_172ac1-95 > .kt-inside-inner-col:before{border-top-left-radius:0px;border-top-right-radius:0px;border-bottom-right-radius:0px;border-bottom-left-radius:0px;}.kadence-column5332_172ac1-95 > .kt-inside-inner-col{column-gap:var(--global-kb-gap-sm, 1rem);}.kadence-column5332_172ac1-95 > .kt-inside-inner-col{flex-direction:column;}.kadence-column5332_172ac1-95 > .kt-inside-inner-col > .aligncenter{width:100%;}.kadence-column5332_172ac1-95 > .kt-inside-inner-col:before{opacity:0.3;}.kadence-column5332_172ac1-95{position:relative;}@media all and (max-width: 1024px){.kadence-column5332_172ac1-95 > .kt-inside-inner-col{flex-direction:column;justify-content:center;}}@media all and (max-width: 767px){.kadence-column5332_172ac1-95 > .kt-inside-inner-col{flex-direction:column;justify-content:center;}}<\/style>\n<div class=\"wp-block-kadence-column kadence-column5332_172ac1-95\"><div class=\"kt-inside-inner-col\"><style>.kb-image5332_8a742f-f4 .kb-image-has-overlay:after{opacity:0.3;}<\/style>\n<figure class=\"wp-block-kadence-image kb-image5332_8a742f-f4 size-large\"><img loading=\"lazy\" decoding=\"async\" width=\"1024\" height=\"597\" src=\"https:\/\/www.feedthechildren.org\/wp-content\/uploads\/2026\/04\/Alesia-and-her-three-children-outdoors-in-Kenya-1024x597.jpg\" alt=\"Alesia and her three children outdoors in Kenya.\" class=\"kb-img wp-image-5339\" srcset=\"https:\/\/www.feedthechildren.org\/wp-content\/uploads\/2026\/04\/Alesia-and-her-three-children-outdoors-in-Kenya-1024x597.jpg 1024w, https:\/\/www.feedthechildren.org\/wp-content\/uploads\/2026\/04\/Alesia-and-her-three-children-outdoors-in-Kenya-300x175.jpg 300w, https:\/\/www.feedthechildren.org\/wp-content\/uploads\/2026\/04\/Alesia-and-her-three-children-outdoors-in-Kenya-768x448.jpg 768w, https:\/\/www.feedthechildren.org\/wp-content\/uploads\/2026\/04\/Alesia-and-her-three-children-outdoors-in-Kenya-60x35.jpg 60w, https:\/\/www.feedthechildren.org\/wp-content\/uploads\/2026\/04\/Alesia-and-her-three-children-outdoors-in-Kenya.jpg 1200w\" sizes=\"auto, (max-width: 1024px) 100vw, 1024px\" \/><figcaption><em>Alesia and her three children.<\/em><\/figcaption><\/figure>\n<\/div><\/div>\n\n\n\n<p>\u201cNot only do I feel more able to take care of my children and make sure they have what they need,\u201d says Alesia, \u201cI can also share that knowledge with others.\u201d<\/p>\n\n\n\n<p>She has already begun to see attitudes shift around her:<\/p>\n\n\n\n<p>\u201cMore parents are now accepting immunization for their children. People are more open, because they understand why these things matter.\u201d<\/p>\n\n\n\n<p>For Feed the Children, this interconnected progress reflects its broader approach to child-focused community development. By supporting parents with knowledge, schools with nutrition, and communities with practical tools, children are better able to stay healthy, learn, and grow.<\/p>\n\n\n\n<p>\u201cEnding childhood hunger isn\u2019t only about food,\u201d Enrico explains. \u201cIt\u2019s about making sure families have what they need to support their children at home, in school, and in the community.\u201d<\/p>\n\n\n\n<p>For Alesia and mothers like her, Care Groups provide a consistent space for learning and reflection, allowing women to build confidence and reinforce positive health behaviors over time.<\/p>\n\n\n\n<p>In Samburu, shared knowledge continues to spread, supporting healthier families and stronger communities, one conversation at a time.<\/p>\n","protected":false},"excerpt":{"rendered":"<p>En un rinc\u00f3n remoto de la Kenia rural, una joven madre y maestra descubre c\u00f3mo el intercambio de conocimientos puede transformar la salud de sus hijos y de su comunidad. A trav\u00e9s de sencillas conversaciones a la sombra de los \u00e1rboles, la trayectoria de Alesia demuestra c\u00f3mo empoderar a las mujeres mediante una educaci\u00f3n sanitaria pr\u00e1ctica genera un cambio duradero.<\/p>","protected":false},"author":2,"featured_media":5333,"comment_status":"closed","ping_status":"closed","sticky":false,"template":"","format":"standard","meta":{"_acf_changed":false,"content-type":"","_kad_blocks_custom_css":"","_kad_blocks_head_custom_js":"","_kad_blocks_body_custom_js":"","_kad_blocks_footer_custom_js":"","_kad_post_transparent":"","_kad_post_title":"","_kad_post_layout":"","_kad_post_sidebar_id":"","_kad_post_content_style":"","_kad_post_vertical_padding":"","_kad_post_feature":"","_kad_post_feature_position":"","_kad_post_header":false,"_kad_post_footer":false,"footnotes":""},"categories":[24],"tags":[121],"post_folder":[78],"class_list":["post-5332","post","type-post","status-publish","format-standard","has-post-thumbnail","hentry","category-stories","tag-kenya"],"acf":[],"yoast_head":"<!-- This site is optimized with the Yoast SEO Premium plugin v27.4 (Yoast SEO v27.4) - https:\/\/yoast.com\/product\/yoast-seo-premium-wordpress\/ -->\n<title>Building Community Health, One Conversation at a Time | Feed the Children<\/title>\n<meta name=\"robots\" content=\"index, follow, max-snippet:-1, max-image-preview:large, max-video-preview:-1\" \/>\n<link rel=\"canonical\" href=\"https:\/\/www.feedthechildren.org\/es\/our-work\/stories\/building-community-health-one-conversation-at-a-time\/\" \/>\n<meta property=\"og:locale\" content=\"es_MX\" \/>\n<meta property=\"og:type\" content=\"article\" \/>\n<meta property=\"og:title\" content=\"Building Community Health, One Conversation at a Time | Feed the Children\" \/>\n<meta property=\"og:description\" content=\"In a remote corner of rural Kenya, a young mother and teacher discovers how shared knowledge can transform the health of her children and community. Through simple conversations under the shade of trees, Alesia\u2019s journey shows how empowering women with practical health education creates lasting change.\" \/>\n<meta property=\"og:url\" content=\"https:\/\/www.feedthechildren.org\/es\/our-work\/stories\/building-community-health-one-conversation-at-a-time\/\" \/>\n<meta property=\"og:site_name\" content=\"Feed the Children\" \/>\n<meta property=\"article:publisher\" content=\"https:\/\/www.facebook.com\/feedthechildren\" \/>\n<meta property=\"article:published_time\" content=\"2026-04-07T14:18:21+00:00\" \/>\n<meta property=\"article:modified_time\" content=\"2026-04-07T14:49:57+00:00\" \/>\n<meta property=\"og:image\" content=\"https:\/\/www.feedthechildren.org\/wp-content\/uploads\/2026\/04\/Alesia-with-her-son-outdoors-in-Kenya.jpg\" \/>\n\t<meta property=\"og:image:width\" content=\"1440\" \/>\n\t<meta property=\"og:image:height\" content=\"800\" \/>\n\t<meta property=\"og:image:type\" content=\"image\/jpeg\" \/>\n<meta name=\"author\" content=\"Benton Demeter\" \/>\n<meta name=\"twitter:card\" content=\"summary_large_image\" \/>\n<meta name=\"twitter:creator\" content=\"@feedthechildren\" \/>\n<meta name=\"twitter:site\" content=\"@feedthechildren\" \/>\n<meta name=\"twitter:label1\" content=\"Written by\" \/>\n\t<meta name=\"twitter:data1\" content=\"Benton Demeter\" \/>\n\t<meta name=\"twitter:label2\" content=\"Est. reading time\" \/>\n\t<meta name=\"twitter:data2\" content=\"6 minutos\" \/>\n<script type=\"application\/ld+json\" class=\"yoast-schema-graph\">{\"@context\":\"https:\\\/\\\/schema.org\",\"@graph\":[{\"@type\":\"Article\",\"@id\":\"https:\\\/\\\/www.feedthechildren.org\\\/our-work\\\/stories\\\/building-community-health-one-conversation-at-a-time\\\/#article\",\"isPartOf\":{\"@id\":\"https:\\\/\\\/www.feedthechildren.org\\\/our-work\\\/stories\\\/building-community-health-one-conversation-at-a-time\\\/\"},\"author\":{\"name\":\"Benton Demeter\",\"@id\":\"https:\\\/\\\/www.feedthechildren.org\\\/#\\\/schema\\\/person\\\/48a779cdf0f18386ab461219465e146b\"},\"headline\":\"Building Community Health, One Conversation at a Time\",\"datePublished\":\"2026-04-07T14:18:21+00:00\",\"dateModified\":\"2026-04-07T14:49:57+00:00\",\"mainEntityOfPage\":{\"@id\":\"https:\\\/\\\/www.feedthechildren.org\\\/our-work\\\/stories\\\/building-community-health-one-conversation-at-a-time\\\/\"},\"wordCount\":931,\"publisher\":{\"@id\":\"https:\\\/\\\/www.feedthechildren.org\\\/#organization\"},\"image\":{\"@id\":\"https:\\\/\\\/www.feedthechildren.org\\\/our-work\\\/stories\\\/building-community-health-one-conversation-at-a-time\\\/#primaryimage\"},\"thumbnailUrl\":\"https:\\\/\\\/www.feedthechildren.org\\\/wp-content\\\/uploads\\\/2026\\\/04\\\/Alesia-with-her-son-outdoors-in-Kenya.jpg\",\"keywords\":[\"Kenya\"],\"articleSection\":[\"Stories\"],\"inLanguage\":\"es\"},{\"@type\":\"WebPage\",\"@id\":\"https:\\\/\\\/www.feedthechildren.org\\\/our-work\\\/stories\\\/building-community-health-one-conversation-at-a-time\\\/\",\"url\":\"https:\\\/\\\/www.feedthechildren.org\\\/our-work\\\/stories\\\/building-community-health-one-conversation-at-a-time\\\/\",\"name\":\"Building Community Health, One Conversation at a Time | Feed the Children\",\"isPartOf\":{\"@id\":\"https:\\\/\\\/www.feedthechildren.org\\\/#website\"},\"primaryImageOfPage\":{\"@id\":\"https:\\\/\\\/www.feedthechildren.org\\\/our-work\\\/stories\\\/building-community-health-one-conversation-at-a-time\\\/#primaryimage\"},\"image\":{\"@id\":\"https:\\\/\\\/www.feedthechildren.org\\\/our-work\\\/stories\\\/building-community-health-one-conversation-at-a-time\\\/#primaryimage\"},\"thumbnailUrl\":\"https:\\\/\\\/www.feedthechildren.org\\\/wp-content\\\/uploads\\\/2026\\\/04\\\/Alesia-with-her-son-outdoors-in-Kenya.jpg\",\"datePublished\":\"2026-04-07T14:18:21+00:00\",\"dateModified\":\"2026-04-07T14:49:57+00:00\",\"breadcrumb\":{\"@id\":\"https:\\\/\\\/www.feedthechildren.org\\\/our-work\\\/stories\\\/building-community-health-one-conversation-at-a-time\\\/#breadcrumb\"},\"inLanguage\":\"es\",\"potentialAction\":[{\"@type\":\"ReadAction\",\"target\":[\"https:\\\/\\\/www.feedthechildren.org\\\/our-work\\\/stories\\\/building-community-health-one-conversation-at-a-time\\\/\"]}]},{\"@type\":\"ImageObject\",\"inLanguage\":\"es\",\"@id\":\"https:\\\/\\\/www.feedthechildren.org\\\/our-work\\\/stories\\\/building-community-health-one-conversation-at-a-time\\\/#primaryimage\",\"url\":\"https:\\\/\\\/www.feedthechildren.org\\\/wp-content\\\/uploads\\\/2026\\\/04\\\/Alesia-with-her-son-outdoors-in-Kenya.jpg\",\"contentUrl\":\"https:\\\/\\\/www.feedthechildren.org\\\/wp-content\\\/uploads\\\/2026\\\/04\\\/Alesia-with-her-son-outdoors-in-Kenya.jpg\",\"width\":1440,\"height\":800,\"caption\":\"Alesia with her son outdoors in Kenya.\"},{\"@type\":\"BreadcrumbList\",\"@id\":\"https:\\\/\\\/www.feedthechildren.org\\\/our-work\\\/stories\\\/building-community-health-one-conversation-at-a-time\\\/#breadcrumb\",\"itemListElement\":[{\"@type\":\"ListItem\",\"position\":1,\"name\":\"Home\",\"item\":\"https:\\\/\\\/www.feedthechildren.org\\\/\"},{\"@type\":\"ListItem\",\"position\":2,\"name\":\"Building Community Health, One Conversation at a Time\"}]},{\"@type\":\"WebSite\",\"@id\":\"https:\\\/\\\/www.feedthechildren.org\\\/#website\",\"url\":\"https:\\\/\\\/www.feedthechildren.org\\\/\",\"name\":\"Official Site: Feed the Children\",\"description\":\"Help Fight Childhood Hunger\",\"publisher\":{\"@id\":\"https:\\\/\\\/www.feedthechildren.org\\\/#organization\"},\"potentialAction\":[{\"@type\":\"SearchAction\",\"target\":{\"@type\":\"EntryPoint\",\"urlTemplate\":\"https:\\\/\\\/www.feedthechildren.org\\\/?s={search_term_string}\"},\"query-input\":{\"@type\":\"PropertyValueSpecification\",\"valueRequired\":true,\"valueName\":\"search_term_string\"}}],\"inLanguage\":\"es\"},{\"@type\":\"Organization\",\"@id\":\"https:\\\/\\\/www.feedthechildren.org\\\/#organization\",\"name\":\"Feed the Children\",\"url\":\"https:\\\/\\\/www.feedthechildren.org\\\/\",\"logo\":{\"@type\":\"ImageObject\",\"inLanguage\":\"es\",\"@id\":\"https:\\\/\\\/www.feedthechildren.org\\\/#\\\/schema\\\/logo\\\/image\\\/\",\"url\":\"https:\\\/\\\/www.feedthechildren.org\\\/wp-content\\\/uploads\\\/2024\\\/03\\\/feed-the-children-logo-square-padding.png\",\"contentUrl\":\"https:\\\/\\\/www.feedthechildren.org\\\/wp-content\\\/uploads\\\/2024\\\/03\\\/feed-the-children-logo-square-padding.png\",\"width\":1240,\"height\":1240,\"caption\":\"Feed the Children\"},\"image\":{\"@id\":\"https:\\\/\\\/www.feedthechildren.org\\\/#\\\/schema\\\/logo\\\/image\\\/\"},\"sameAs\":[\"https:\\\/\\\/www.facebook.com\\\/feedthechildren\",\"https:\\\/\\\/x.com\\\/feedthechildren\",\"https:\\\/\\\/youtube.com\\\/FeedTheChildrenOrg\",\"https:\\\/\\\/www.linkedin.com\\\/company\\\/feed-the-children\"],\"description\":\"Established in 1979, Feed the Children exists to defeat childhood hunger. We are one of the largest U.S.-based charities, serving those in need in the U.S. and internationally by providing food, life essentials, educational initiatives, and disaster response.\",\"email\":\"info@feedthechildren.org\",\"telephone\":\"1-800-627-4556\",\"legalName\":\"Feed the Children\",\"foundingDate\":\"1979-01-01\",\"taxID\":\"73-6108657\"},{\"@type\":\"Person\",\"@id\":\"https:\\\/\\\/www.feedthechildren.org\\\/#\\\/schema\\\/person\\\/48a779cdf0f18386ab461219465e146b\",\"name\":\"Benton Demeter\"}]}<\/script>\n<!-- \/ Yoast SEO Premium plugin. -->","yoast_head_json":{"title":"Fomentando la salud comunitaria, conversaci\u00f3n a conversaci\u00f3n | Feed the Children","robots":{"index":"index","follow":"follow","max-snippet":"max-snippet:-1","max-image-preview":"max-image-preview:large","max-video-preview":"max-video-preview:-1"},"canonical":"https:\/\/www.feedthechildren.org\/es\/our-work\/stories\/building-community-health-one-conversation-at-a-time\/","og_locale":"es_MX","og_type":"article","og_title":"Building Community Health, One Conversation at a Time | Feed the Children","og_description":"In a remote corner of rural Kenya, a young mother and teacher discovers how shared knowledge can transform the health of her children and community. Through simple conversations under the shade of trees, Alesia\u2019s journey shows how empowering women with practical health education creates lasting change.","og_url":"https:\/\/www.feedthechildren.org\/es\/our-work\/stories\/building-community-health-one-conversation-at-a-time\/","og_site_name":"Feed the Children","article_publisher":"https:\/\/www.facebook.com\/feedthechildren","article_published_time":"2026-04-07T14:18:21+00:00","article_modified_time":"2026-04-07T14:49:57+00:00","og_image":[{"width":1440,"height":800,"url":"https:\/\/www.feedthechildren.org\/wp-content\/uploads\/2026\/04\/Alesia-with-her-son-outdoors-in-Kenya.jpg","type":"image\/jpeg"}],"author":"Benton Demeter","twitter_card":"summary_large_image","twitter_creator":"@feedthechildren","twitter_site":"@feedthechildren","twitter_misc":{"Written by":"Benton Demeter","Est. reading time":"6 minutos"},"schema":{"@context":"https:\/\/schema.org","@graph":[{"@type":"Article","@id":"https:\/\/www.feedthechildren.org\/our-work\/stories\/building-community-health-one-conversation-at-a-time\/#article","isPartOf":{"@id":"https:\/\/www.feedthechildren.org\/our-work\/stories\/building-community-health-one-conversation-at-a-time\/"},"author":{"name":"Benton Demeter","@id":"https:\/\/www.feedthechildren.org\/#\/schema\/person\/48a779cdf0f18386ab461219465e146b"},"headline":"Building Community Health, One Conversation at a Time","datePublished":"2026-04-07T14:18:21+00:00","dateModified":"2026-04-07T14:49:57+00:00","mainEntityOfPage":{"@id":"https:\/\/www.feedthechildren.org\/our-work\/stories\/building-community-health-one-conversation-at-a-time\/"},"wordCount":931,"publisher":{"@id":"https:\/\/www.feedthechildren.org\/#organization"},"image":{"@id":"https:\/\/www.feedthechildren.org\/our-work\/stories\/building-community-health-one-conversation-at-a-time\/#primaryimage"},"thumbnailUrl":"https:\/\/www.feedthechildren.org\/wp-content\/uploads\/2026\/04\/Alesia-with-her-son-outdoors-in-Kenya.jpg","keywords":["Kenya"],"articleSection":["Stories"],"inLanguage":"es"},{"@type":"WebPage","@id":"https:\/\/www.feedthechildren.org\/our-work\/stories\/building-community-health-one-conversation-at-a-time\/","url":"https:\/\/www.feedthechildren.org\/our-work\/stories\/building-community-health-one-conversation-at-a-time\/","name":"Fomentando la salud comunitaria, conversaci\u00f3n a conversaci\u00f3n | Feed the Children","isPartOf":{"@id":"https:\/\/www.feedthechildren.org\/#website"},"primaryImageOfPage":{"@id":"https:\/\/www.feedthechildren.org\/our-work\/stories\/building-community-health-one-conversation-at-a-time\/#primaryimage"},"image":{"@id":"https:\/\/www.feedthechildren.org\/our-work\/stories\/building-community-health-one-conversation-at-a-time\/#primaryimage"},"thumbnailUrl":"https:\/\/www.feedthechildren.org\/wp-content\/uploads\/2026\/04\/Alesia-with-her-son-outdoors-in-Kenya.jpg","datePublished":"2026-04-07T14:18:21+00:00","dateModified":"2026-04-07T14:49:57+00:00","breadcrumb":{"@id":"https:\/\/www.feedthechildren.org\/our-work\/stories\/building-community-health-one-conversation-at-a-time\/#breadcrumb"},"inLanguage":"es","potentialAction":[{"@type":"ReadAction","target":["https:\/\/www.feedthechildren.org\/our-work\/stories\/building-community-health-one-conversation-at-a-time\/"]}]},{"@type":"ImageObject","inLanguage":"es","@id":"https:\/\/www.feedthechildren.org\/our-work\/stories\/building-community-health-one-conversation-at-a-time\/#primaryimage","url":"https:\/\/www.feedthechildren.org\/wp-content\/uploads\/2026\/04\/Alesia-with-her-son-outdoors-in-Kenya.jpg","contentUrl":"https:\/\/www.feedthechildren.org\/wp-content\/uploads\/2026\/04\/Alesia-with-her-son-outdoors-in-Kenya.jpg","width":1440,"height":800,"caption":"Alesia with her son outdoors in Kenya."},{"@type":"BreadcrumbList","@id":"https:\/\/www.feedthechildren.org\/our-work\/stories\/building-community-health-one-conversation-at-a-time\/#breadcrumb","itemListElement":[{"@type":"ListItem","position":1,"name":"Home","item":"https:\/\/www.feedthechildren.org\/"},{"@type":"ListItem","position":2,"name":"Building Community Health, One Conversation at a Time"}]},{"@type":"WebSite","@id":"https:\/\/www.feedthechildren.org\/#website","url":"https:\/\/www.feedthechildren.org\/","name":"Sitio oficial: Alimentar a los ni\u00f1os","description":"Ayude a combatir el hambre infantil","publisher":{"@id":"https:\/\/www.feedthechildren.org\/#organization"},"potentialAction":[{"@type":"SearchAction","target":{"@type":"EntryPoint","urlTemplate":"https:\/\/www.feedthechildren.org\/?s={search_term_string}"},"query-input":{"@type":"PropertyValueSpecification","valueRequired":true,"valueName":"search_term_string"}}],"inLanguage":"es"},{"@type":"Organization","@id":"https:\/\/www.feedthechildren.org\/#organization","name":"Alimentar a los ni\u00f1os","url":"https:\/\/www.feedthechildren.org\/","logo":{"@type":"ImageObject","inLanguage":"es","@id":"https:\/\/www.feedthechildren.org\/#\/schema\/logo\/image\/","url":"https:\/\/www.feedthechildren.org\/wp-content\/uploads\/2024\/03\/feed-the-children-logo-square-padding.png","contentUrl":"https:\/\/www.feedthechildren.org\/wp-content\/uploads\/2024\/03\/feed-the-children-logo-square-padding.png","width":1240,"height":1240,"caption":"Feed the Children"},"image":{"@id":"https:\/\/www.feedthechildren.org\/#\/schema\/logo\/image\/"},"sameAs":["https:\/\/www.facebook.com\/feedthechildren","https:\/\/x.com\/feedthechildren","https:\/\/youtube.com\/FeedTheChildrenOrg","https:\/\/www.linkedin.com\/company\/feed-the-children"],"description":"Fundada en 1979, Feed the Children lucha contra el hambre infantil. Somos una de las mayores organizaciones ben\u00e9ficas de EE.UU., y atendemos a los necesitados en EE.UU. e internacionalmente proporcion\u00e1ndoles alimentos, art\u00edculos de primera necesidad, iniciativas educativas y respuesta a cat\u00e1strofes.","email":"info@feedthechildren.org","telephone":"1-800-627-4556","legalName":"Feed the Children","foundingDate":"1979-01-01","taxID":"73-6108657"},{"@type":"Person","@id":"https:\/\/www.feedthechildren.org\/#\/schema\/person\/48a779cdf0f18386ab461219465e146b","name":"Benton Demeter"}]}},"taxonomy_info":{"category":[{"value":24,"label":"Stories"}],"post_tag":[{"value":121,"label":"Kenya"}]},"featured_image_src_large":["https:\/\/www.feedthechildren.org\/wp-content\/uploads\/2026\/04\/Alesia-with-her-son-outdoors-in-Kenya-1024x569.jpg",1024,569,true],"author_info":{"display_name":"Benton Demeter","author_link":"https:\/\/www.feedthechildren.org\/es\/author\/benton-demeterfeedthechildren-org\/"},"comment_info":0,"category_info":[{"term_id":24,"name":"Stories","slug":"stories","term_group":0,"term_taxonomy_id":24,"taxonomy":"category","description":"","parent":79,"count":177,"filter":"raw","cat_ID":24,"category_count":177,"category_description":"","cat_name":"Stories","category_nicename":"stories","category_parent":79}],"tag_info":[{"term_id":121,"name":"Kenya","slug":"kenya","term_group":0,"term_taxonomy_id":121,"taxonomy":"post_tag","description":"Used to tag content for this country.","parent":0,"count":6,"filter":"raw"}],"publishpress_future_action":{"enabled":false,"date":"2026-04-30 06:15:45","action":"change-status","newStatus":"draft","terms":[],"taxonomy":"category","extraData":[]},"publishpress_future_workflow_manual_trigger":{"enabledWorkflows":[]},"_links":{"self":[{"href":"https:\/\/www.feedthechildren.org\/es\/wp-json\/wp\/v2\/posts\/5332","targetHints":{"allow":["GET"]}}],"collection":[{"href":"https:\/\/www.feedthechildren.org\/es\/wp-json\/wp\/v2\/posts"}],"about":[{"href":"https:\/\/www.feedthechildren.org\/es\/wp-json\/wp\/v2\/types\/post"}],"author":[{"embeddable":true,"href":"https:\/\/www.feedthechildren.org\/es\/wp-json\/wp\/v2\/users\/2"}],"replies":[{"embeddable":true,"href":"https:\/\/www.feedthechildren.org\/es\/wp-json\/wp\/v2\/comments?post=5332"}],"version-history":[{"count":3,"href":"https:\/\/www.feedthechildren.org\/es\/wp-json\/wp\/v2\/posts\/5332\/revisions"}],"predecessor-version":[{"id":5342,"href":"https:\/\/www.feedthechildren.org\/es\/wp-json\/wp\/v2\/posts\/5332\/revisions\/5342"}],"wp:featuredmedia":[{"embeddable":true,"href":"https:\/\/www.feedthechildren.org\/es\/wp-json\/wp\/v2\/media\/5333"}],"wp:attachment":[{"href":"https:\/\/www.feedthechildren.org\/es\/wp-json\/wp\/v2\/media?parent=5332"}],"wp:term":[{"taxonomy":"category","embeddable":true,"href":"https:\/\/www.feedthechildren.org\/es\/wp-json\/wp\/v2\/categories?post=5332"},{"taxonomy":"post_tag","embeddable":true,"href":"https:\/\/www.feedthechildren.org\/es\/wp-json\/wp\/v2\/tags?post=5332"},{"taxonomy":"post_folder","embeddable":true,"href":"https:\/\/www.feedthechildren.org\/es\/wp-json\/wp\/v2\/post_folder?post=5332"}],"curies":[{"name":"wp","href":"https:\/\/api.w.org\/{rel}","templated":true}]}}