{"id":3159,"date":"2025-01-24T12:47:08","date_gmt":"2025-01-24T18:47:08","guid":{"rendered":"https:\/\/www.feedthechildren.org\/?p=3159"},"modified":"2025-01-24T12:47:08","modified_gmt":"2025-01-24T18:47:08","slug":"international-day-of-education-2025","status":"publish","type":"post","link":"https:\/\/www.feedthechildren.org\/es\/about\/press\/international-day-of-education-2025\/","title":{"rendered":"Feed the Children celebra el poder transformador de la educaci\u00f3n en el D\u00eda Internacional de la Educaci\u00f3n"},"content":{"rendered":"<p><strong>OKLAHOMA CITY (24 de enero de 2025) -<\/strong> Hoy, Feed the Children se une a organizaciones de todo el mundo en la celebraci\u00f3n del D\u00eda Internacional de la Educaci\u00f3n. La organizaci\u00f3n sin \u00e1nimo de lucro reconoce que la educaci\u00f3n es un derecho humano, una responsabilidad p\u00fablica y la clave del desarrollo econ\u00f3mico sostenible. Cree que cuando las organizaciones trabajan juntas se pueden lograr efectos positivos duraderos.<\/p>\n\n\n\n<p>Esta organizaci\u00f3n sin \u00e1nimo de lucro apoya a estudiantes de todo Estados Unidos y de ocho pa\u00edses de todo el mundo a trav\u00e9s de numerosos programas. Cada a\u00f1o, miles de estudiantes se benefician de estos esfuerzos.<\/p>\n\n\n\n<p>En EE.UU., Feed the Children trabaja para marcar la diferencia en la vida de los estudiantes cada d\u00eda a trav\u00e9s de sus Food &amp; Essentials Hubs. En determinadas escuelas de todo el pa\u00eds, los alumnos pueden acceder gratuitamente a alimentos de larga duraci\u00f3n, tentempi\u00e9s, art\u00edculos de higiene y otros art\u00edculos. La organizaci\u00f3n es consciente de la importancia de la seguridad alimentaria para el \u00e9xito educativo de los estudiantes. Con el apoyo de empresas colaboradoras, la organizaci\u00f3n sin \u00e1nimo de lucro realiza entregas mensuales a cada centro de Food &amp; Essentials. Los comentarios de las escuelas participantes han demostrado un aumento de la asistencia, una mejora del comportamiento en clase y un aumento de la confianza de los estudiantes en s\u00ed mismos.<\/p>\n\n\n\n<p>Cyndi Tercero-Sandoval, Directora del Engagement Center del Phoenix Union High School District, dijo que ella y su equipo ven el impacto inmediato y el beneficio de los Food &amp; Essentials Hubs.<\/p>\n\n\n\n<p>\"Los estudiantes vienen a la escuela y se sienten m\u00e1s conectados con ella\", dijo. \"Son capaces de aprender y rendir mejor en sus clases\".<\/p>\n\n\n\n<p>A escala internacional, Feed the Children cuenta con diversos programas para ayudar a los estudiantes a acceder a oportunidades educativas.<\/p>\n\n\n\n<p>Maricel es una ni\u00f1a de 9 a\u00f1os de Bohol, una peque\u00f1a comunidad de Filipinas. Es alumna de cuarto curso de la escuela primaria Jose Boja y hace unos a\u00f1os ten\u00eda problemas con la lectura. Desde que se uni\u00f3 al programa de Apoyo Educativo Suplementario de Feed the Children, ha experimentado una enorme mejora en sus resultados de lectura.<\/p>\n\n\n\n<p>\"Feed the Children me ha ayudado mucho a trav\u00e9s de sus tutor\u00edas. Ahora s\u00e9 leer y he sacado buenas notas en los ex\u00e1menes\", dice. \"Incluso dan bocadillos durante las sesiones, lo que lo hace a\u00fan m\u00e1s agradable\".<\/p>\n\n\n\n<p>Mayet, la madre de Maricel, dice estar muy agradecida por el programa, que ha ayudado a su hija.<\/p>\n\n\n\n<p>\"Maricel ha mejorado notablemente, y su profesora tambi\u00e9n est\u00e1 muy satisfecha con sus progresos y logros\", ha declarado.<\/p>\n\n\n\n<p>Pero no est\u00e1 sola en su \u00e9xito. Con la ayuda de j\u00f3venes mentores y asociaciones locales, el programa se ha ampliado para ayudar a cientos de ni\u00f1os en escuelas y comunidades. Hay m\u00e1s de 600 ni\u00f1os participando en el programa y el 98% de ellos son j\u00f3venes.<\/p>\n\n\n\n<p>han mejorado sus capacidades de lectura y escritura. A trav\u00e9s de estas tutor\u00edas, se anima a los estudiantes a permanecer en la escuela, completar su educaci\u00f3n y trabajar para alcanzar sus sue\u00f1os.<\/p>\n\n\n\n<p>El D\u00eda Internacional de la Educaci\u00f3n, que se celebra en todo el mundo, subraya la importancia de una educaci\u00f3n equitativa e integradora. La historia de Maricel es un testimonio del poder de la educaci\u00f3n para superar barreras. Pone de relieve los esfuerzos continuos de organizaciones como Feed the Children para garantizar que todos los ni\u00f1os tengan acceso a una educaci\u00f3n de calidad.<\/p>\n\n\n\n<p>Feed the Children cree que historias como la de Maricel deben inspirar la acci\u00f3n y reforzar el compromiso con la educaci\u00f3n como derecho fundamental. A trav\u00e9s de iniciativas y asociaciones continuas, la organizaci\u00f3n sin \u00e1nimo de lucro sigue dedicada a defender la equidad educativa y a apoyar programas que potencien las mentes j\u00f3venes.<\/p>\n\n\n\n<p>La organizaci\u00f3n sin \u00e1nimo de lucro invita a las partes interesadas, los responsables pol\u00edticos y las comunidades a unirse al esfuerzo colectivo para garantizar que todos los ni\u00f1os, independientemente de su origen, tengan la oportunidad de aprender y triunfar. Para m\u00e1s informaci\u00f3n sobre Feed the Children y nuestro trabajo en todo el mundo, visite <a href=\"https:\/\/www.feedthechildren.org\/es\/our-work\/around-the-world\/\">https:\/\/www.feedthechildren.org\/our-work\/around-the-world\/<\/a>.<\/p>\n\n\n\n<p><\/p>","protected":false},"excerpt":{"rendered":"<p>Feed the Children se une a organizaciones de todo el mundo en la celebraci\u00f3n del D\u00eda Internacional de la Educaci\u00f3n. <\/p>","protected":false},"author":1,"featured_media":0,"comment_status":"closed","ping_status":"closed","sticky":false,"template":"","format":"standard","meta":{"_acf_changed":false,"content-type":"","_kad_blocks_custom_css":"","_kad_blocks_head_custom_js":"","_kad_blocks_body_custom_js":"","_kad_blocks_footer_custom_js":"","_kad_post_transparent":"","_kad_post_title":"","_kad_post_layout":"","_kad_post_sidebar_id":"","_kad_post_content_style":"","_kad_post_vertical_padding":"","_kad_post_feature":"","_kad_post_feature_position":"","_kad_post_header":false,"_kad_post_footer":false,"footnotes":""},"categories":[25],"tags":[],"post_folder":[71],"class_list":["post-3159","post","type-post","status-publish","format-standard","hentry","category-press"],"acf":[],"yoast_head":"<!-- This site is optimized with the Yoast SEO Premium plugin v27.4 (Yoast SEO v27.4) - https:\/\/yoast.com\/product\/yoast-seo-premium-wordpress\/ -->\n<title>Feed the Children Celebrates the Transformative Power of Education on International Day of Education | Feed the Children<\/title>\n<meta name=\"description\" content=\"Feed the Children joins organizations around the world in observance of International Day of Education. The nonprofit recognizes that education is a human right, a public responsibility and the key to sustainable economic development. It believes that when organizations work together, lasting positive impacts can be achieved.\" \/>\n<meta name=\"robots\" content=\"index, follow, max-snippet:-1, max-image-preview:large, max-video-preview:-1\" \/>\n<link rel=\"canonical\" href=\"https:\/\/www.feedthechildren.org\/es\/about\/press\/international-day-of-education-2025\/\" \/>\n<meta property=\"og:locale\" content=\"es_MX\" \/>\n<meta property=\"og:type\" content=\"article\" \/>\n<meta property=\"og:title\" content=\"Feed the Children Celebrates the Transformative Power of Education on International Day of Education | Feed the Children\" \/>\n<meta property=\"og:description\" content=\"Feed the Children joins organizations around the world in observance of International Day of Education. The nonprofit recognizes that education is a human right, a public responsibility and the key to sustainable economic development. It believes that when organizations work together, lasting positive impacts can be achieved.\" \/>\n<meta property=\"og:url\" content=\"https:\/\/www.feedthechildren.org\/es\/about\/press\/international-day-of-education-2025\/\" \/>\n<meta property=\"og:site_name\" content=\"Feed the Children\" \/>\n<meta property=\"article:publisher\" content=\"https:\/\/www.facebook.com\/feedthechildren\" \/>\n<meta property=\"article:published_time\" content=\"2025-01-24T18:47:08+00:00\" \/>\n<meta property=\"og:image\" content=\"https:\/\/www.feedthechildren.org\/wp-content\/uploads\/2024\/03\/feedthechildren_logo_centered.png\" \/>\n\t<meta property=\"og:image:width\" content=\"1200\" \/>\n\t<meta property=\"og:image:height\" content=\"675\" \/>\n\t<meta property=\"og:image:type\" content=\"image\/png\" \/>\n<meta name=\"author\" content=\"Michael McDaniel\" \/>\n<meta name=\"twitter:card\" content=\"summary_large_image\" \/>\n<meta name=\"twitter:creator\" content=\"@feedthechildren\" \/>\n<meta name=\"twitter:site\" content=\"@feedthechildren\" \/>\n<meta name=\"twitter:label1\" content=\"Written by\" \/>\n\t<meta name=\"twitter:data1\" content=\"Michael McDaniel\" \/>\n\t<meta name=\"twitter:label2\" content=\"Est. reading time\" \/>\n\t<meta name=\"twitter:data2\" content=\"3 minutos\" \/>\n<script type=\"application\/ld+json\" class=\"yoast-schema-graph\">{\"@context\":\"https:\\\/\\\/schema.org\",\"@graph\":[{\"@type\":\"Article\",\"@id\":\"https:\\\/\\\/www.feedthechildren.org\\\/about\\\/press\\\/international-day-of-education-2025\\\/#article\",\"isPartOf\":{\"@id\":\"https:\\\/\\\/www.feedthechildren.org\\\/about\\\/press\\\/international-day-of-education-2025\\\/\"},\"author\":{\"name\":\"Michael McDaniel\",\"@id\":\"https:\\\/\\\/www.feedthechildren.org\\\/#\\\/schema\\\/person\\\/cdc277c0e6fdcfa8799d4b58b86560eb\"},\"headline\":\"Feed the Children Celebrates the Transformative Power of Education on International Day of Education\",\"datePublished\":\"2025-01-24T18:47:08+00:00\",\"mainEntityOfPage\":{\"@id\":\"https:\\\/\\\/www.feedthechildren.org\\\/about\\\/press\\\/international-day-of-education-2025\\\/\"},\"wordCount\":587,\"publisher\":{\"@id\":\"https:\\\/\\\/www.feedthechildren.org\\\/#organization\"},\"articleSection\":[\"Press Release\"],\"inLanguage\":\"es\"},{\"@type\":\"WebPage\",\"@id\":\"https:\\\/\\\/www.feedthechildren.org\\\/about\\\/press\\\/international-day-of-education-2025\\\/\",\"url\":\"https:\\\/\\\/www.feedthechildren.org\\\/about\\\/press\\\/international-day-of-education-2025\\\/\",\"name\":\"Feed the Children Celebrates the Transformative Power of Education on International Day of Education | Feed the Children\",\"isPartOf\":{\"@id\":\"https:\\\/\\\/www.feedthechildren.org\\\/#website\"},\"datePublished\":\"2025-01-24T18:47:08+00:00\",\"description\":\"Feed the Children joins organizations around the world in observance of International Day of Education. The nonprofit recognizes that education is a human right, a public responsibility and the key to sustainable economic development. It believes that when organizations work together, lasting positive impacts can be achieved.\",\"breadcrumb\":{\"@id\":\"https:\\\/\\\/www.feedthechildren.org\\\/about\\\/press\\\/international-day-of-education-2025\\\/#breadcrumb\"},\"inLanguage\":\"es\",\"potentialAction\":[{\"@type\":\"ReadAction\",\"target\":[\"https:\\\/\\\/www.feedthechildren.org\\\/about\\\/press\\\/international-day-of-education-2025\\\/\"]}]},{\"@type\":\"BreadcrumbList\",\"@id\":\"https:\\\/\\\/www.feedthechildren.org\\\/about\\\/press\\\/international-day-of-education-2025\\\/#breadcrumb\",\"itemListElement\":[{\"@type\":\"ListItem\",\"position\":1,\"name\":\"Home\",\"item\":\"https:\\\/\\\/www.feedthechildren.org\\\/\"},{\"@type\":\"ListItem\",\"position\":2,\"name\":\"Feed the Children Celebrates the Transformative Power of Education on International Day of Education\"}]},{\"@type\":\"WebSite\",\"@id\":\"https:\\\/\\\/www.feedthechildren.org\\\/#website\",\"url\":\"https:\\\/\\\/www.feedthechildren.org\\\/\",\"name\":\"Official Site: Feed the Children\",\"description\":\"Help Fight Childhood Hunger\",\"publisher\":{\"@id\":\"https:\\\/\\\/www.feedthechildren.org\\\/#organization\"},\"potentialAction\":[{\"@type\":\"SearchAction\",\"target\":{\"@type\":\"EntryPoint\",\"urlTemplate\":\"https:\\\/\\\/www.feedthechildren.org\\\/?s={search_term_string}\"},\"query-input\":{\"@type\":\"PropertyValueSpecification\",\"valueRequired\":true,\"valueName\":\"search_term_string\"}}],\"inLanguage\":\"es\"},{\"@type\":\"Organization\",\"@id\":\"https:\\\/\\\/www.feedthechildren.org\\\/#organization\",\"name\":\"Feed the Children\",\"url\":\"https:\\\/\\\/www.feedthechildren.org\\\/\",\"logo\":{\"@type\":\"ImageObject\",\"inLanguage\":\"es\",\"@id\":\"https:\\\/\\\/www.feedthechildren.org\\\/#\\\/schema\\\/logo\\\/image\\\/\",\"url\":\"https:\\\/\\\/www.feedthechildren.org\\\/wp-content\\\/uploads\\\/2024\\\/03\\\/feed-the-children-logo-square-padding.png\",\"contentUrl\":\"https:\\\/\\\/www.feedthechildren.org\\\/wp-content\\\/uploads\\\/2024\\\/03\\\/feed-the-children-logo-square-padding.png\",\"width\":1240,\"height\":1240,\"caption\":\"Feed the Children\"},\"image\":{\"@id\":\"https:\\\/\\\/www.feedthechildren.org\\\/#\\\/schema\\\/logo\\\/image\\\/\"},\"sameAs\":[\"https:\\\/\\\/www.facebook.com\\\/feedthechildren\",\"https:\\\/\\\/x.com\\\/feedthechildren\",\"https:\\\/\\\/youtube.com\\\/FeedTheChildrenOrg\",\"https:\\\/\\\/www.linkedin.com\\\/company\\\/feed-the-children\"],\"description\":\"Established in 1979, Feed the Children exists to defeat childhood hunger. We are one of the largest U.S.-based charities, serving those in need in the U.S. and internationally by providing food, life essentials, educational initiatives, and disaster response.\",\"email\":\"info@feedthechildren.org\",\"telephone\":\"1-800-627-4556\",\"legalName\":\"Feed the Children\",\"foundingDate\":\"1979-01-01\",\"taxID\":\"73-6108657\"},{\"@type\":\"Person\",\"@id\":\"https:\\\/\\\/www.feedthechildren.org\\\/#\\\/schema\\\/person\\\/cdc277c0e6fdcfa8799d4b58b86560eb\",\"name\":\"Michael McDaniel\",\"sameAs\":[\"https:\\\/\\\/www.feedthechildren.org\"]}]}<\/script>\n<!-- \/ Yoast SEO Premium plugin. -->","yoast_head_json":{"title":"Feed the Children celebra el poder transformador de la educaci\u00f3n en el D\u00eda Internacional de la Educaci\u00f3n | Feed the Children","description":"Feed the Children se une a organizaciones de todo el mundo en la celebraci\u00f3n del D\u00eda Internacional de la Educaci\u00f3n. La organizaci\u00f3n sin \u00e1nimo de lucro reconoce que la educaci\u00f3n es un derecho humano, una responsabilidad p\u00fablica y la clave del desarrollo econ\u00f3mico sostenible. Cree que cuando las organizaciones trabajan juntas se pueden lograr efectos positivos duraderos.","robots":{"index":"index","follow":"follow","max-snippet":"max-snippet:-1","max-image-preview":"max-image-preview:large","max-video-preview":"max-video-preview:-1"},"canonical":"https:\/\/www.feedthechildren.org\/es\/about\/press\/international-day-of-education-2025\/","og_locale":"es_MX","og_type":"article","og_title":"Feed the Children Celebrates the Transformative Power of Education on International Day of Education | Feed the Children","og_description":"Feed the Children joins organizations around the world in observance of International Day of Education. The nonprofit recognizes that education is a human right, a public responsibility and the key to sustainable economic development. It believes that when organizations work together, lasting positive impacts can be achieved.","og_url":"https:\/\/www.feedthechildren.org\/es\/about\/press\/international-day-of-education-2025\/","og_site_name":"Feed the Children","article_publisher":"https:\/\/www.facebook.com\/feedthechildren","article_published_time":"2025-01-24T18:47:08+00:00","og_image":[{"width":1200,"height":675,"url":"https:\/\/www.feedthechildren.org\/wp-content\/uploads\/2024\/03\/feedthechildren_logo_centered.png","type":"image\/png"}],"author":"Michael McDaniel","twitter_card":"summary_large_image","twitter_creator":"@feedthechildren","twitter_site":"@feedthechildren","twitter_misc":{"Written by":"Michael McDaniel","Est. reading time":"3 minutos"},"schema":{"@context":"https:\/\/schema.org","@graph":[{"@type":"Article","@id":"https:\/\/www.feedthechildren.org\/about\/press\/international-day-of-education-2025\/#article","isPartOf":{"@id":"https:\/\/www.feedthechildren.org\/about\/press\/international-day-of-education-2025\/"},"author":{"name":"Michael McDaniel","@id":"https:\/\/www.feedthechildren.org\/#\/schema\/person\/cdc277c0e6fdcfa8799d4b58b86560eb"},"headline":"Feed the Children Celebrates the Transformative Power of Education on International Day of Education","datePublished":"2025-01-24T18:47:08+00:00","mainEntityOfPage":{"@id":"https:\/\/www.feedthechildren.org\/about\/press\/international-day-of-education-2025\/"},"wordCount":587,"publisher":{"@id":"https:\/\/www.feedthechildren.org\/#organization"},"articleSection":["Press Release"],"inLanguage":"es"},{"@type":"WebPage","@id":"https:\/\/www.feedthechildren.org\/about\/press\/international-day-of-education-2025\/","url":"https:\/\/www.feedthechildren.org\/about\/press\/international-day-of-education-2025\/","name":"Feed the Children celebra el poder transformador de la educaci\u00f3n en el D\u00eda Internacional de la Educaci\u00f3n | Feed the Children","isPartOf":{"@id":"https:\/\/www.feedthechildren.org\/#website"},"datePublished":"2025-01-24T18:47:08+00:00","description":"Feed the Children se une a organizaciones de todo el mundo en la celebraci\u00f3n del D\u00eda Internacional de la Educaci\u00f3n. La organizaci\u00f3n sin \u00e1nimo de lucro reconoce que la educaci\u00f3n es un derecho humano, una responsabilidad p\u00fablica y la clave del desarrollo econ\u00f3mico sostenible. Cree que cuando las organizaciones trabajan juntas se pueden lograr efectos positivos duraderos.","breadcrumb":{"@id":"https:\/\/www.feedthechildren.org\/about\/press\/international-day-of-education-2025\/#breadcrumb"},"inLanguage":"es","potentialAction":[{"@type":"ReadAction","target":["https:\/\/www.feedthechildren.org\/about\/press\/international-day-of-education-2025\/"]}]},{"@type":"BreadcrumbList","@id":"https:\/\/www.feedthechildren.org\/about\/press\/international-day-of-education-2025\/#breadcrumb","itemListElement":[{"@type":"ListItem","position":1,"name":"Home","item":"https:\/\/www.feedthechildren.org\/"},{"@type":"ListItem","position":2,"name":"Feed the Children Celebrates the Transformative Power of Education on International Day of Education"}]},{"@type":"WebSite","@id":"https:\/\/www.feedthechildren.org\/#website","url":"https:\/\/www.feedthechildren.org\/","name":"Sitio oficial: Alimentar a los ni\u00f1os","description":"Ayude a combatir el hambre infantil","publisher":{"@id":"https:\/\/www.feedthechildren.org\/#organization"},"potentialAction":[{"@type":"SearchAction","target":{"@type":"EntryPoint","urlTemplate":"https:\/\/www.feedthechildren.org\/?s={search_term_string}"},"query-input":{"@type":"PropertyValueSpecification","valueRequired":true,"valueName":"search_term_string"}}],"inLanguage":"es"},{"@type":"Organization","@id":"https:\/\/www.feedthechildren.org\/#organization","name":"Alimentar a los ni\u00f1os","url":"https:\/\/www.feedthechildren.org\/","logo":{"@type":"ImageObject","inLanguage":"es","@id":"https:\/\/www.feedthechildren.org\/#\/schema\/logo\/image\/","url":"https:\/\/www.feedthechildren.org\/wp-content\/uploads\/2024\/03\/feed-the-children-logo-square-padding.png","contentUrl":"https:\/\/www.feedthechildren.org\/wp-content\/uploads\/2024\/03\/feed-the-children-logo-square-padding.png","width":1240,"height":1240,"caption":"Feed the Children"},"image":{"@id":"https:\/\/www.feedthechildren.org\/#\/schema\/logo\/image\/"},"sameAs":["https:\/\/www.facebook.com\/feedthechildren","https:\/\/x.com\/feedthechildren","https:\/\/youtube.com\/FeedTheChildrenOrg","https:\/\/www.linkedin.com\/company\/feed-the-children"],"description":"Fundada en 1979, Feed the Children lucha contra el hambre infantil. Somos una de las mayores organizaciones ben\u00e9ficas de EE.UU., y atendemos a los necesitados en EE.UU. e internacionalmente proporcion\u00e1ndoles alimentos, art\u00edculos de primera necesidad, iniciativas educativas y respuesta a cat\u00e1strofes.","email":"info@feedthechildren.org","telephone":"1-800-627-4556","legalName":"Feed the Children","foundingDate":"1979-01-01","taxID":"73-6108657"},{"@type":"Person","@id":"https:\/\/www.feedthechildren.org\/#\/schema\/person\/cdc277c0e6fdcfa8799d4b58b86560eb","name":"Michael McDaniel","sameAs":["https:\/\/www.feedthechildren.org"]}]}},"taxonomy_info":{"category":[{"value":25,"label":"Press Release"}]},"featured_image_src_large":false,"author_info":{"display_name":"Michael McDaniel","author_link":"https:\/\/www.feedthechildren.org\/es\/author\/feedthechild\/"},"comment_info":0,"category_info":[{"term_id":25,"name":"Press Release","slug":"press","term_group":0,"term_taxonomy_id":25,"taxonomy":"category","description":"","parent":66,"count":74,"filter":"raw","cat_ID":25,"category_count":74,"category_description":"","cat_name":"Press Release","category_nicename":"press","category_parent":66}],"tag_info":false,"publishpress_future_action":{"enabled":false,"date":"2026-04-30 06:32:25","action":"change-status","newStatus":"draft","terms":[],"taxonomy":"category","extraData":[]},"publishpress_future_workflow_manual_trigger":{"enabledWorkflows":[]},"_links":{"self":[{"href":"https:\/\/www.feedthechildren.org\/es\/wp-json\/wp\/v2\/posts\/3159","targetHints":{"allow":["GET"]}}],"collection":[{"href":"https:\/\/www.feedthechildren.org\/es\/wp-json\/wp\/v2\/posts"}],"about":[{"href":"https:\/\/www.feedthechildren.org\/es\/wp-json\/wp\/v2\/types\/post"}],"author":[{"embeddable":true,"href":"https:\/\/www.feedthechildren.org\/es\/wp-json\/wp\/v2\/users\/1"}],"replies":[{"embeddable":true,"href":"https:\/\/www.feedthechildren.org\/es\/wp-json\/wp\/v2\/comments?post=3159"}],"version-history":[{"count":0,"href":"https:\/\/www.feedthechildren.org\/es\/wp-json\/wp\/v2\/posts\/3159\/revisions"}],"wp:attachment":[{"href":"https:\/\/www.feedthechildren.org\/es\/wp-json\/wp\/v2\/media?parent=3159"}],"wp:term":[{"taxonomy":"category","embeddable":true,"href":"https:\/\/www.feedthechildren.org\/es\/wp-json\/wp\/v2\/categories?post=3159"},{"taxonomy":"post_tag","embeddable":true,"href":"https:\/\/www.feedthechildren.org\/es\/wp-json\/wp\/v2\/tags?post=3159"},{"taxonomy":"post_folder","embeddable":true,"href":"https:\/\/www.feedthechildren.org\/es\/wp-json\/wp\/v2\/post_folder?post=3159"}],"curies":[{"name":"wp","href":"https:\/\/api.w.org\/{rel}","templated":true}]}}